{"id":1633,"date":"2018-08-11T21:08:49","date_gmt":"2018-08-11T20:08:49","guid":{"rendered":"http:\/\/www.honojudoklubb.se\/?p=1633"},"modified":"2018-10-26T14:09:44","modified_gmt":"2018-10-26T13:09:44","slug":"terminsstart-2","status":"publish","type":"post","link":"https:\/\/www.honojudoklubb.se\/?p=1633","title":{"rendered":"Terminsstart"},"content":{"rendered":"<p><strong>Hoppas sommaren varit fin och att ni \u00e4r laddade inf\u00f6r en ny termin. Vi kommer att tr\u00e4na enligt f\u00f6ljande:<\/strong><\/p>\n<p>M\u00e5ndag 18:00-19:15 &#8221;Gulb\u00e4ltesgruppen&#8221;<br \/>\nM\u00e5ndag 19:15-20:15 &#8221;Ungdom orange och upp\u00e5t&#8221;<br \/>\nM\u00e5ndag 20:15-21:30 &#8221;Stora ungdomar och vuxna&#8221;<\/p>\n<p>Onsdagar 18:00-19:30 &#8221;Ungdom orange och upp\u00e5t&#8221;<\/p>\n<p>Som ni ser har onsdags tr\u00e4ningen blivit en fast tr\u00e4ning f\u00f6r de som tr\u00e4nat n\u00e5gra \u00e5r.<\/p>\n<p>Terminen startar m\u00e5ndag 27 augusti.<\/p>\n<p><strong>Nyb\u00f6rjare startat en vecka senare, M\u00e5ndag 3:e september kl 18:00-19:15.<\/strong><br \/>\nVi kommer k\u00f6ra tv\u00e5 grupper samtidigt vid denna tid med &#8221;sk\u00e4rmv\u00e4ggen&#8221; nedf\u00e4lld.<\/p>\n<p>&nbsp;<\/p>\n<p>Nu ser vi fram mot en h\u00e4ndelserik termin!<\/p>\n<p><a href=\"https:\/\/www.honojudoklubb.se\/wp-content\/uploads\/2018\/08\/judo_foto.png\"><img loading=\"lazy\" decoding=\"async\" class=\"aligncenter size-full wp-image-1654\" src=\"https:\/\/www.honojudoklubb.se\/wp-content\/uploads\/2018\/08\/judo_foto.png\" alt=\"\" width=\"660\" height=\"450\" srcset=\"https:\/\/www.honojudoklubb.se\/wp-content\/uploads\/2018\/08\/judo_foto.png 660w, https:\/\/www.honojudoklubb.se\/wp-content\/uploads\/2018\/08\/judo_foto-300x205.png 300w\" sizes=\"auto, (max-width: 660px) 100vw, 660px\" \/><\/a><\/p>\n<p>&nbsp;<\/p>\n","protected":false},"excerpt":{"rendered":"<p>Hoppas sommaren varit fin och att ni \u00e4r laddade inf\u00f6r en ny termin. Vi kommer att tr\u00e4na enligt f\u00f6ljande: M\u00e5ndag 18:00-19:15 &#8221;Gulb\u00e4ltesgruppen&#8221; M\u00e5ndag 19:15-20:15 &#8221;Ungdom orange och upp\u00e5t&#8221; M\u00e5ndag 20:15-21:30 &#8221;Stora ungdomar och vuxna&#8221; Onsdagar 18:00-19:30 &#8221;Ungdom orange och upp\u00e5t&#8221; &hellip; <a href=\"https:\/\/www.honojudoklubb.se\/?p=1633\">L\u00e4s mer <span class=\"meta-nav\">&rarr;<\/span><\/a><\/p>\n","protected":false},"author":1,"featured_media":0,"comment_status":"closed","ping_status":"open","sticky":false,"template":"","format":"standard","meta":{"_jetpack_memberships_contains_paid_content":false,"footnotes":""},"categories":[7],"tags":[],"class_list":["post-1633","post","type-post","status-publish","format-standard","hentry","category-traning"],"jetpack_featured_media_url":"","jetpack_sharing_enabled":true,"_links":{"self":[{"href":"https:\/\/www.honojudoklubb.se\/index.php?rest_route=\/wp\/v2\/posts\/1633","targetHints":{"allow":["GET"]}}],"collection":[{"href":"https:\/\/www.honojudoklubb.se\/index.php?rest_route=\/wp\/v2\/posts"}],"about":[{"href":"https:\/\/www.honojudoklubb.se\/index.php?rest_route=\/wp\/v2\/types\/post"}],"author":[{"embeddable":true,"href":"https:\/\/www.honojudoklubb.se\/index.php?rest_route=\/wp\/v2\/users\/1"}],"replies":[{"embeddable":true,"href":"https:\/\/www.honojudoklubb.se\/index.php?rest_route=%2Fwp%2Fv2%2Fcomments&post=1633"}],"version-history":[{"count":5,"href":"https:\/\/www.honojudoklubb.se\/index.php?rest_route=\/wp\/v2\/posts\/1633\/revisions"}],"predecessor-version":[{"id":1655,"href":"https:\/\/www.honojudoklubb.se\/index.php?rest_route=\/wp\/v2\/posts\/1633\/revisions\/1655"}],"wp:attachment":[{"href":"https:\/\/www.honojudoklubb.se\/index.php?rest_route=%2Fwp%2Fv2%2Fmedia&parent=1633"}],"wp:term":[{"taxonomy":"category","embeddable":true,"href":"https:\/\/www.honojudoklubb.se\/index.php?rest_route=%2Fwp%2Fv2%2Fcategories&post=1633"},{"taxonomy":"post_tag","embeddable":true,"href":"https:\/\/www.honojudoklubb.se\/index.php?rest_route=%2Fwp%2Fv2%2Ftags&post=1633"}],"curies":[{"name":"wp","href":"https:\/\/api.w.org\/{rel}","templated":true}]}}