{"id":389,"date":"2014-07-30T22:16:10","date_gmt":"2014-07-30T21:16:10","guid":{"rendered":"http:\/\/www.honojudoklubb.se\/?p=389"},"modified":"2014-09-01T22:29:52","modified_gmt":"2014-09-01T21:29:52","slug":"hostterminsstart","status":"publish","type":"post","link":"https:\/\/www.honojudoklubb.se\/?p=389","title":{"rendered":"H\u00f6stterminsstart"},"content":{"rendered":"<p>Nu var det snart dags att b\u00f6rja tr\u00e4na judo igen.<\/p>\n<p>De tv\u00e5 grupper som tidigare tr\u00e4nat kommer att sl\u00e5s ihop till en grupp. Denna grupp tr\u00e4nar m\u00e5ndagar 19-20:00<\/p>\n<p>Vi kommer att starta tv\u00e5 nya grupper.<\/p>\n<p>En nyb\u00f6rjagrupp f\u00f6r barn och ungdomar fr\u00e5n 7 \u00e5r och upp\u00e5t. Denna grupp tr\u00e4nar mellan 18:00-19:00. Alla som \u00e4r 7 \u00e5r (eller fyller 7 under h\u00f6sterminen)\u00a0\u00e4r v\u00e4lkomna 1 september kl 18:00 till gymnastiksalen p\u00e5 Brattebergsskolan. Ingen f\u00f6ranm\u00e4lan kr\u00e4vs till &#8221;prova p\u00e5 tr\u00e4ning&#8221; 1 september men vi kommer att ta in 40 stycken till denna grupp och kommer att g\u00e5 i anm\u00e4lningsordning.<a title=\"Medlemsans\u00f6kan\" href=\"https:\/\/www.honojudoklubb.se\/?page_id=2\"> Anm\u00e4la sig <\/a>g\u00f6r man h\u00e4r p\u00e5 hemsidan.<br \/>\nDen andra gruppen vi startar \u00e4r en vuxengrupp. Denna grupp tr\u00e4nar m\u00e5ndagar 20:00-21:00.\u00a0 Det har varit ett antal f\u00f6r\u00e4ldrar som visat intresse av att b\u00f6rja och vi som tr\u00e4nare k\u00e4nner ocks\u00e5 f\u00f6r att r\u00f6ra p\u00e5 oss. H\u00e4r \u00e4r alla fr\u00e5n 15 \u00e5r och upp\u00e5t v\u00e4lkomna.<\/p>\n<p>S\u00e5 om du k\u00e4nner n\u00e5gon som vill b\u00f6rja, tipsa dem g\u00e4rna.<br \/>\nNu ser vi fram emot en h\u00e4rlig judotermin, men f\u00f6rst lite mer bad \ud83d\ude42<\/p>\n","protected":false},"excerpt":{"rendered":"<p>Nu var det snart dags att b\u00f6rja tr\u00e4na judo igen. De tv\u00e5 grupper som tidigare tr\u00e4nat kommer att sl\u00e5s ihop till en grupp. Denna grupp tr\u00e4nar m\u00e5ndagar 19-20:00 Vi kommer att starta tv\u00e5 nya grupper. En nyb\u00f6rjagrupp f\u00f6r barn och &hellip; <a href=\"https:\/\/www.honojudoklubb.se\/?p=389\">L\u00e4s mer <span class=\"meta-nav\">&rarr;<\/span><\/a><\/p>\n","protected":false},"author":1,"featured_media":0,"comment_status":"open","ping_status":"open","sticky":false,"template":"","format":"standard","meta":{"_jetpack_memberships_contains_paid_content":false,"footnotes":""},"categories":[3],"tags":[],"class_list":["post-389","post","type-post","status-publish","format-standard","hentry","category-nyheter"],"jetpack_featured_media_url":"","jetpack_sharing_enabled":true,"_links":{"self":[{"href":"https:\/\/www.honojudoklubb.se\/index.php?rest_route=\/wp\/v2\/posts\/389","targetHints":{"allow":["GET"]}}],"collection":[{"href":"https:\/\/www.honojudoklubb.se\/index.php?rest_route=\/wp\/v2\/posts"}],"about":[{"href":"https:\/\/www.honojudoklubb.se\/index.php?rest_route=\/wp\/v2\/types\/post"}],"author":[{"embeddable":true,"href":"https:\/\/www.honojudoklubb.se\/index.php?rest_route=\/wp\/v2\/users\/1"}],"replies":[{"embeddable":true,"href":"https:\/\/www.honojudoklubb.se\/index.php?rest_route=%2Fwp%2Fv2%2Fcomments&post=389"}],"version-history":[{"count":0,"href":"https:\/\/www.honojudoklubb.se\/index.php?rest_route=\/wp\/v2\/posts\/389\/revisions"}],"wp:attachment":[{"href":"https:\/\/www.honojudoklubb.se\/index.php?rest_route=%2Fwp%2Fv2%2Fmedia&parent=389"}],"wp:term":[{"taxonomy":"category","embeddable":true,"href":"https:\/\/www.honojudoklubb.se\/index.php?rest_route=%2Fwp%2Fv2%2Fcategories&post=389"},{"taxonomy":"post_tag","embeddable":true,"href":"https:\/\/www.honojudoklubb.se\/index.php?rest_route=%2Fwp%2Fv2%2Ftags&post=389"}],"curies":[{"name":"wp","href":"https:\/\/api.w.org\/{rel}","templated":true}]}}